{"id":273946,"date":"2026-03-01T13:38:05","date_gmt":"2026-03-01T13:38:05","guid":{"rendered":"https:\/\/jgmilenko.mojaskola.org\/?p=273946"},"modified":"2026-03-04T13:43:55","modified_gmt":"2026-03-04T13:43:55","slug":"ciklonomad-snezana-radojicic","status":"publish","type":"post","link":"https:\/\/jgmilenko.mojaskola.org\/?p=273946","title":{"rendered":"\u0413\u0415\u041e\u0413\u0420\u0410\u0424\u0421\u041a\u0410 \u0421\u0415\u041a\u0426\u0418\u0408\u0410"},"content":{"rendered":"<p>,,Geografska sekcija Osnovne \u0161kole \u201eJovan Gr\u010di\u0107 Milenko\u201c iz Beo\u010dina dobila je novu generaciju mladih geografa. Zahvaljuju\u0107i entuzijazmu njihove nastavnice <a href=\"https:\/\/www.facebook.com\/mile.ivanovic.376?__cft__[0]=AZaaEnCVQFTp2c52IeHJz3kMjv7SsMnwkcyspBEATMeLxC7dZ9la9Oke5OpeC9MVUiJsRtQK9CEAqQYDEk-JRswymeDovhy4VqtX2xGrIW_ulrOw324mn5D1dCCkQqnx9KQfkKRnrWfpGRdxtlsf0PvOFkDA6yCNKqpQ4Ji4tC6wNkJG28gigv9O0yHGcrAA-PTQuDrDNvG_0iGnGikIN3BuQAZ8OQ7G0Q5Kx7RWzTD3zA&amp;__tn__=-]K-y-R\"><strong><b>Mile Vesa Ivanovic<\/b><\/strong><\/a>, od po\u010detka prate moje putovanje po Tasmaniji i tako u\u010de geografiju na druga\u010diji na\u010din.<\/p>\n<p>Nastavnica Vesa ovu praksu neguje od 2014. godine i kroz njenu sekciju pro\u0161lo je vi\u0161e generacija. Sa svojim u\u010denicima prisustvovala je svakoj mojoj novosadskoj tribini, a jednom sam gostovala i u njihovoj \u0161koli.<\/p>\n<p>Za ovu postavku ka\u017ee da su pomalo stidljivi, ali me redovno prate i \u0161alju puno pozdrava.<\/p>\n<p>Ajmo svi lajk u znak podr\u0161ke za mlade geografe.&#8221;<\/p>\n<p>Sne\u017eana Radoji\u010di\u0107, ciklonomad<\/p>\n<p>1.3.2026.<\/p>\n<div class=\"et_pb_slider et_pb_slider_fullwidth_off et_pb_gallery_post_type\">\n\t\t\t\t<div class=\"et_pb_slides\">\n\t\t\t\t\t<div class=\"et_pb_slide\" style=\"background: url(https:\/\/jgmilenko.mojaskola.org\/wp-content\/uploads\/sites\/97\/2026\/03\/641532356_10236653204244825_5692007700466595225_n.jpg);\"><\/div><div class=\"et_pb_slide\" style=\"background: url(https:\/\/jgmilenko.mojaskola.org\/wp-content\/uploads\/sites\/97\/2026\/03\/645409838_10236653203884816_2018120428576326289_n.jpg);\"><\/div><div class=\"et_pb_slide\" style=\"background: url(https:\/\/jgmilenko.mojaskola.org\/wp-content\/uploads\/sites\/97\/2026\/03\/645681904_10236653203804814_2481017498953844081_n.jpg);\"><\/div>\n\t\t\t\t<\/div>\n\t\t\t<\/div>\n","protected":false},"excerpt":{"rendered":"<p>,,Geografska sekcija Osnovne \u0161kole \u201eJovan Gr\u010di\u0107 Milenko\u201c iz Beo\u010dina dobila je novu generaciju mladih geografa. Zahvaljuju\u0107i entuzijazmu njihove nastavnice Mile Vesa Ivanovic, od po\u010detka prate moje putovanje po Tasmaniji i tako u\u010de geografiju na druga\u010diji na\u010din. Nastavnica Vesa ovu praksu neguje od 2014. godine i kroz njenu sekciju pro\u0161lo je vi\u0161e generacija. Sa svojim u\u010denicima [&hellip;]<\/p>\n","protected":false},"author":397,"featured_media":273950,"comment_status":"closed","ping_status":"closed","sticky":false,"template":"","format":"standard","meta":{"_et_pb_use_builder":"","_et_pb_old_content":"","_et_gb_content_width":"","footnotes":""},"categories":[98,51],"tags":[],"class_list":["post-273946","post","type-post","status-publish","format-standard","has-post-thumbnail","hentry","category-98","category-novosti"],"_links":{"self":[{"href":"https:\/\/jgmilenko.mojaskola.org\/index.php?rest_route=\/wp\/v2\/posts\/273946","targetHints":{"allow":["GET"]}}],"collection":[{"href":"https:\/\/jgmilenko.mojaskola.org\/index.php?rest_route=\/wp\/v2\/posts"}],"about":[{"href":"https:\/\/jgmilenko.mojaskola.org\/index.php?rest_route=\/wp\/v2\/types\/post"}],"author":[{"embeddable":true,"href":"https:\/\/jgmilenko.mojaskola.org\/index.php?rest_route=\/wp\/v2\/users\/397"}],"replies":[{"embeddable":true,"href":"https:\/\/jgmilenko.mojaskola.org\/index.php?rest_route=%2Fwp%2Fv2%2Fcomments&post=273946"}],"version-history":[{"count":2,"href":"https:\/\/jgmilenko.mojaskola.org\/index.php?rest_route=\/wp\/v2\/posts\/273946\/revisions"}],"predecessor-version":[{"id":273956,"href":"https:\/\/jgmilenko.mojaskola.org\/index.php?rest_route=\/wp\/v2\/posts\/273946\/revisions\/273956"}],"wp:featuredmedia":[{"embeddable":true,"href":"https:\/\/jgmilenko.mojaskola.org\/index.php?rest_route=\/wp\/v2\/media\/273950"}],"wp:attachment":[{"href":"https:\/\/jgmilenko.mojaskola.org\/index.php?rest_route=%2Fwp%2Fv2%2Fmedia&parent=273946"}],"wp:term":[{"taxonomy":"category","embeddable":true,"href":"https:\/\/jgmilenko.mojaskola.org\/index.php?rest_route=%2Fwp%2Fv2%2Fcategories&post=273946"},{"taxonomy":"post_tag","embeddable":true,"href":"https:\/\/jgmilenko.mojaskola.org\/index.php?rest_route=%2Fwp%2Fv2%2Ftags&post=273946"}],"curies":[{"name":"wp","href":"https:\/\/api.w.org\/{rel}","templated":true}]}}